{"id":1128,"date":"2024-06-21T12:24:50","date_gmt":"2024-06-21T12:24:50","guid":{"rendered":"https:\/\/tering.hr\/?p=1128"},"modified":"2024-06-21T12:24:51","modified_gmt":"2024-06-21T12:24:51","slug":"nastavak-gradnje-pical-resorta-u-porecu-novi-iskorak-u-razvoju-turizma","status":"publish","type":"post","link":"https:\/\/tering.hr\/en\/nastavak-gradnje-pical-resorta-u-porecu-novi-iskorak-u-razvoju-turizma\/","title":{"rendered":"Nastavak gradnje Pical Resorta u Pore\u010du: Novi iskorak u razvoju turizma"},"content":{"rendered":"<p>Grad Pore\u010d, jedan od bisera hrvatske obale, svjedo\u010di nastavku radova na ambicioznom projektu Pical Resorta, luksuznog turisti\u010dkog kompleksa koji \u0107e dodatno obogatiti turisti\u010dku ponudu ovog poznatog istarskog grada. Nakon po\u010detka radova 2022. godine, izgradnja kompleksa sada ulazi u novu fazu, koja \u0107e donijeti niz suvremenih sadr\u017eaja i dodatnih kapaciteta.<\/p>\n\n\n\n<figure class=\"wp-block-image size-large\"><img loading=\"lazy\" decoding=\"async\" width=\"1024\" height=\"768\" src=\"https:\/\/tering.hr\/wp-content\/uploads\/2024\/06\/Slika-1-1024x768.jpg\" alt=\"\" class=\"wp-image-1129\" srcset=\"https:\/\/tering.hr\/wp-content\/uploads\/2024\/06\/Slika-1-1024x768.jpg 1024w, https:\/\/tering.hr\/wp-content\/uploads\/2024\/06\/Slika-1-300x225.jpg 300w, https:\/\/tering.hr\/wp-content\/uploads\/2024\/06\/Slika-1-768x576.jpg 768w, https:\/\/tering.hr\/wp-content\/uploads\/2024\/06\/Slika-1-1536x1152.jpg 1536w, https:\/\/tering.hr\/wp-content\/uploads\/2024\/06\/Slika-1-2048x1536.jpg 2048w, https:\/\/tering.hr\/wp-content\/uploads\/2024\/06\/Slika-1-16x12.jpg 16w, https:\/\/tering.hr\/wp-content\/uploads\/2024\/06\/Slika-1-scaled.jpg 2560w\" sizes=\"auto, (max-width: 1024px) 100vw, 1024px\" \/><\/figure>\n\n\n\n<h3 class=\"wp-block-heading\">Projekt od velikog zna\u010daja<\/h3>\n\n\n\n<p>Pical Resort predstavlja jedan od najve\u0107ih i najzna\u010dajnijih turisti\u010dkih projekata u Hrvatskoj u posljednjem desetlje\u0107u. Ovaj kompleks, smje\u0161ten na atraktivnoj lokaciji uz more, obuhvatit \u0107e luksuzne smje\u0161tajne kapacitete, uklju\u010duju\u0107i hotele visoke kategorije, vile i apartmane, te brojne rekreativne i gastronomske sadr\u017eaje.<\/p>\n\n\n\n<figure class=\"wp-block-image size-large\"><img loading=\"lazy\" decoding=\"async\" width=\"1024\" height=\"768\" src=\"https:\/\/tering.hr\/wp-content\/uploads\/2024\/06\/Slika-2-1024x768.jpg\" alt=\"\" class=\"wp-image-1130\" srcset=\"https:\/\/tering.hr\/wp-content\/uploads\/2024\/06\/Slika-2-1024x768.jpg 1024w, https:\/\/tering.hr\/wp-content\/uploads\/2024\/06\/Slika-2-300x225.jpg 300w, https:\/\/tering.hr\/wp-content\/uploads\/2024\/06\/Slika-2-768x576.jpg 768w, https:\/\/tering.hr\/wp-content\/uploads\/2024\/06\/Slika-2-1536x1152.jpg 1536w, https:\/\/tering.hr\/wp-content\/uploads\/2024\/06\/Slika-2-2048x1536.jpg 2048w, https:\/\/tering.hr\/wp-content\/uploads\/2024\/06\/Slika-2-16x12.jpg 16w, https:\/\/tering.hr\/wp-content\/uploads\/2024\/06\/Slika-2-scaled.jpg 2560w\" sizes=\"auto, (max-width: 1024px) 100vw, 1024px\" \/><\/figure>\n\n\n\n<h3 class=\"wp-block-heading\">Novi sadr\u017eaji i infrastruktura<\/h3>\n\n\n\n<p>Projekt arhitekture potpisuju Studio 92 iz Labina te Boris Podrecca iz Be\u010da, a na\u0161a tvrtka bila je voditelj cjelokupnog MEP projektnog tima, projektant HVAC instalacija te koordinator svih instalacija. U nastavku gradnje, poseban fokus je stavljen na izgradnju novih smje\u0161tajnih jedinica te pro\u0161irenje postoje\u0107e infrastrukture. Me\u0111u planiranim sadr\u017eajima su i:<\/p>\n\n\n\n<ul class=\"wp-block-list\">\n<li>novi hotel s pet zvjezdica, koji \u0107e nuditi vrhunsku uslugu i ekskluzivne sadr\u017eaje poput wellnessa, spa centara i gurmanskih restorana<\/li>\n\n\n\n<li>luksuzne vile i apartmani sa privatnim bazenima i vrtovima, dizajnirani za goste koji tra\u017ee privatnost i udobnost<\/li>\n\n\n\n<li>moderni kongresni centar koji \u0107e Pore\u010d u\u010diniti atraktivnim odredi\u0161tem za poslovne skupove i konferencije<\/li>\n\n\n\n<li>prostrani parkovi i \u0161etnice uz more, koje \u0107e biti ure\u0111ene u skladu s najvi\u0161im ekolo\u0161kim standardima.<\/li>\n<\/ul>\n\n\n\n<figure class=\"wp-block-image size-large\"><img loading=\"lazy\" decoding=\"async\" width=\"1024\" height=\"768\" src=\"https:\/\/tering.hr\/wp-content\/uploads\/2024\/06\/Slika-3-1024x768.jpg\" alt=\"\" class=\"wp-image-1131\" srcset=\"https:\/\/tering.hr\/wp-content\/uploads\/2024\/06\/Slika-3-1024x768.jpg 1024w, https:\/\/tering.hr\/wp-content\/uploads\/2024\/06\/Slika-3-300x225.jpg 300w, https:\/\/tering.hr\/wp-content\/uploads\/2024\/06\/Slika-3-768x576.jpg 768w, https:\/\/tering.hr\/wp-content\/uploads\/2024\/06\/Slika-3-1536x1152.jpg 1536w, https:\/\/tering.hr\/wp-content\/uploads\/2024\/06\/Slika-3-2048x1536.jpg 2048w, https:\/\/tering.hr\/wp-content\/uploads\/2024\/06\/Slika-3-16x12.jpg 16w, https:\/\/tering.hr\/wp-content\/uploads\/2024\/06\/Slika-3-scaled.jpg 2560w\" sizes=\"auto, (max-width: 1024px) 100vw, 1024px\" \/><\/figure>\n\n\n\n<figure class=\"wp-block-image size-large\"><img loading=\"lazy\" decoding=\"async\" width=\"1024\" height=\"768\" src=\"https:\/\/tering.hr\/wp-content\/uploads\/2024\/06\/Slika-3a-1024x768.jpg\" alt=\"\" class=\"wp-image-1132\" srcset=\"https:\/\/tering.hr\/wp-content\/uploads\/2024\/06\/Slika-3a-1024x768.jpg 1024w, https:\/\/tering.hr\/wp-content\/uploads\/2024\/06\/Slika-3a-300x225.jpg 300w, https:\/\/tering.hr\/wp-content\/uploads\/2024\/06\/Slika-3a-768x576.jpg 768w, https:\/\/tering.hr\/wp-content\/uploads\/2024\/06\/Slika-3a-1536x1152.jpg 1536w, https:\/\/tering.hr\/wp-content\/uploads\/2024\/06\/Slika-3a-2048x1536.jpg 2048w, https:\/\/tering.hr\/wp-content\/uploads\/2024\/06\/Slika-3a-16x12.jpg 16w, https:\/\/tering.hr\/wp-content\/uploads\/2024\/06\/Slika-3a-scaled.jpg 2560w\" sizes=\"auto, (max-width: 1024px) 100vw, 1024px\" \/><\/figure>\n\n\n\n<h3 class=\"wp-block-heading\">Odr\u017eivi razvoj i zapo\u0161ljavanje<\/h3>\n\n\n\n<p>Projekt Pical Resorta nije samo zna\u010dajan za turisti\u010dku ponudu, ve\u0107 i za lokalnu zajednicu. O\u010dekuje se otvaranje preko 500 novih radnih mjesta, \u0161to \u0107e doprinijeti ekonomskom razvoju regije. Posebna pa\u017enja posve\u0107ena je odr\u017eivosti \u2013 cijeli kompleks \u0107e koristiti obnovljive izvore energije, a okoli\u0161 \u0107e biti ure\u0111en s naglaskom na o\u010duvanje prirodnih resursa. <\/p>\n\n\n\n<figure class=\"wp-block-image size-large\"><img loading=\"lazy\" decoding=\"async\" width=\"1024\" height=\"768\" src=\"https:\/\/tering.hr\/wp-content\/uploads\/2024\/06\/Slika-4-1024x768.jpg\" alt=\"\" class=\"wp-image-1133\" srcset=\"https:\/\/tering.hr\/wp-content\/uploads\/2024\/06\/Slika-4-1024x768.jpg 1024w, https:\/\/tering.hr\/wp-content\/uploads\/2024\/06\/Slika-4-300x225.jpg 300w, https:\/\/tering.hr\/wp-content\/uploads\/2024\/06\/Slika-4-768x576.jpg 768w, https:\/\/tering.hr\/wp-content\/uploads\/2024\/06\/Slika-4-1536x1152.jpg 1536w, https:\/\/tering.hr\/wp-content\/uploads\/2024\/06\/Slika-4-2048x1536.jpg 2048w, https:\/\/tering.hr\/wp-content\/uploads\/2024\/06\/Slika-4-16x12.jpg 16w, https:\/\/tering.hr\/wp-content\/uploads\/2024\/06\/Slika-4-scaled.jpg 2560w\" sizes=\"auto, (max-width: 1024px) 100vw, 1024px\" \/><\/figure>\n\n\n\n<h3 class=\"wp-block-heading\">Perspektive i budu\u0107i planovi<\/h3>\n\n\n\n<p>Zavr\u0161etak prve faze radova o\u010dekuje se do kraja 2024. godine, dok je kompletan zavr\u0161etak projekta planiran do kraja 2025. godine. Nakon zavr\u0161etka, Pical Resort \u0107e postati jedan od najpresti\u017enijih turisti\u010dkih kompleksa na Jadranu, privla\u010de\u0107i goste iz cijelog svijeta i dodatno pozicioniraju\u0107i Pore\u010d kao vrhunsku turisti\u010dku destinaciju.<\/p>\n\n\n\n<p><\/p>\n\n\n\n<h3 class=\"wp-block-heading\">Zaklju\u010dak<\/h3>\n\n\n\n<p>Nastavak gradnje Pical Resorta predstavlja zna\u010dajan korak naprijed za Pore\u010d i cijelu Istru. Ovaj projekt donosi novu dimenziju luksuza i kvalitete u hrvatski turizam, \u010dine\u0107i Pore\u010d jo\u0161 privla\u010dnijim za posjetitelje iz cijelog svijeta. S nestrpljenjem o\u010dekujemo zavr\u0161etak radova i otvaranje vrata ovog impresivnog kompleksa.<\/p>","protected":false},"excerpt":{"rendered":"<p>Grad Pore\u010d, jedan od bisera hrvatske obale, svjedo\u010di nastavku radova na ambicioznom projektu Pical Resorta, luksuznog turisti\u010dkog kompleksa koji \u0107e dodatno obogatiti turisti\u010dku ponudu ovog poznatog istarskog grada. Nakon po\u010detka radova 2022. godine, izgradnja kompleksa sada ulazi u novu fazu, koja \u0107e donijeti niz suvremenih sadr\u017eaja i dodatnih kapaciteta. Projekt od velikog zna\u010daja Pical Resort [&hellip;]<\/p>\n","protected":false},"author":3,"featured_media":1134,"comment_status":"open","ping_status":"open","sticky":false,"template":"","format":"standard","meta":{"_acf_changed":false,"inline_featured_image":false,"footnotes":""},"categories":[52],"tags":[71],"class_list":["post-1128","post","type-post","status-publish","format-standard","has-post-thumbnail","hentry","category-novosti-tering","tag-pical"],"acf":[],"yoast_head":"<!-- This site is optimized with the Yoast SEO plugin v27.4 - https:\/\/yoast.com\/product\/yoast-seo-wordpress\/ -->\n<title>Nastavak gradnje Pical Resorta u Pore\u010du: Novi iskorak u razvoju turizma - Tering<\/title>\n<meta name=\"robots\" content=\"index, follow, max-snippet:-1, max-image-preview:large, max-video-preview:-1\" \/>\n<link rel=\"canonical\" href=\"https:\/\/tering.hr\/en\/nastavak-gradnje-pical-resorta-u-porecu-novi-iskorak-u-razvoju-turizma\/\" \/>\n<meta property=\"og:locale\" content=\"en_GB\" \/>\n<meta property=\"og:type\" content=\"article\" \/>\n<meta property=\"og:title\" content=\"Nastavak gradnje Pical Resorta u Pore\u010du: Novi iskorak u razvoju turizma - Tering\" \/>\n<meta property=\"og:description\" content=\"Grad Pore\u010d, jedan od bisera hrvatske obale, svjedo\u010di nastavku radova na ambicioznom projektu Pical Resorta, luksuznog turisti\u010dkog kompleksa koji \u0107e dodatno obogatiti turisti\u010dku ponudu ovog poznatog istarskog grada. Nakon po\u010detka radova 2022. godine, izgradnja kompleksa sada ulazi u novu fazu, koja \u0107e donijeti niz suvremenih sadr\u017eaja i dodatnih kapaciteta. Projekt od velikog zna\u010daja Pical Resort [&hellip;]\" \/>\n<meta property=\"og:url\" content=\"https:\/\/tering.hr\/en\/nastavak-gradnje-pical-resorta-u-porecu-novi-iskorak-u-razvoju-turizma\/\" \/>\n<meta property=\"og:site_name\" content=\"Tering\" \/>\n<meta property=\"article:published_time\" content=\"2024-06-21T12:24:50+00:00\" \/>\n<meta property=\"article:modified_time\" content=\"2024-06-21T12:24:51+00:00\" \/>\n<meta property=\"og:image\" content=\"https:\/\/tering.hr\/wp-content\/uploads\/2024\/06\/Slika-naslovna-scaled.jpg\" \/>\n\t<meta property=\"og:image:width\" content=\"2560\" \/>\n\t<meta property=\"og:image:height\" content=\"1920\" \/>\n\t<meta property=\"og:image:type\" content=\"image\/jpeg\" \/>\n<meta name=\"author\" content=\"Tering\" \/>\n<meta name=\"twitter:card\" content=\"summary_large_image\" \/>\n<meta name=\"twitter:label1\" content=\"Written by\" \/>\n\t<meta name=\"twitter:data1\" content=\"Tering\" \/>\n\t<meta name=\"twitter:label2\" content=\"Estimated reading time\" \/>\n\t<meta name=\"twitter:data2\" content=\"4 minutes\" \/>\n<script type=\"application\/ld+json\" class=\"yoast-schema-graph\">{\"@context\":\"https:\\\/\\\/schema.org\",\"@graph\":[{\"@type\":\"Article\",\"@id\":\"https:\\\/\\\/tering.hr\\\/nastavak-gradnje-pical-resorta-u-porecu-novi-iskorak-u-razvoju-turizma\\\/#article\",\"isPartOf\":{\"@id\":\"https:\\\/\\\/tering.hr\\\/nastavak-gradnje-pical-resorta-u-porecu-novi-iskorak-u-razvoju-turizma\\\/\"},\"author\":{\"name\":\"Tering\",\"@id\":\"https:\\\/\\\/tering.hr\\\/#\\\/schema\\\/person\\\/c71048c0d71ea07ef24b4c9887823ffa\"},\"headline\":\"Nastavak gradnje Pical Resorta u Pore\u010du: Novi iskorak u razvoju turizma\",\"datePublished\":\"2024-06-21T12:24:50+00:00\",\"dateModified\":\"2024-06-21T12:24:51+00:00\",\"mainEntityOfPage\":{\"@id\":\"https:\\\/\\\/tering.hr\\\/nastavak-gradnje-pical-resorta-u-porecu-novi-iskorak-u-razvoju-turizma\\\/\"},\"wordCount\":429,\"commentCount\":0,\"publisher\":{\"@id\":\"https:\\\/\\\/tering.hr\\\/#organization\"},\"image\":{\"@id\":\"https:\\\/\\\/tering.hr\\\/nastavak-gradnje-pical-resorta-u-porecu-novi-iskorak-u-razvoju-turizma\\\/#primaryimage\"},\"thumbnailUrl\":\"https:\\\/\\\/tering.hr\\\/wp-content\\\/uploads\\\/2024\\\/06\\\/Slika-naslovna-scaled.jpg\",\"keywords\":[\"Pical\"],\"articleSection\":[\"Novosti\"],\"inLanguage\":\"en-GB\",\"potentialAction\":[{\"@type\":\"CommentAction\",\"name\":\"Comment\",\"target\":[\"https:\\\/\\\/tering.hr\\\/nastavak-gradnje-pical-resorta-u-porecu-novi-iskorak-u-razvoju-turizma\\\/#respond\"]}]},{\"@type\":\"WebPage\",\"@id\":\"https:\\\/\\\/tering.hr\\\/nastavak-gradnje-pical-resorta-u-porecu-novi-iskorak-u-razvoju-turizma\\\/\",\"url\":\"https:\\\/\\\/tering.hr\\\/nastavak-gradnje-pical-resorta-u-porecu-novi-iskorak-u-razvoju-turizma\\\/\",\"name\":\"Nastavak gradnje Pical Resorta u Pore\u010du: Novi iskorak u razvoju turizma - Tering\",\"isPartOf\":{\"@id\":\"https:\\\/\\\/tering.hr\\\/#website\"},\"primaryImageOfPage\":{\"@id\":\"https:\\\/\\\/tering.hr\\\/nastavak-gradnje-pical-resorta-u-porecu-novi-iskorak-u-razvoju-turizma\\\/#primaryimage\"},\"image\":{\"@id\":\"https:\\\/\\\/tering.hr\\\/nastavak-gradnje-pical-resorta-u-porecu-novi-iskorak-u-razvoju-turizma\\\/#primaryimage\"},\"thumbnailUrl\":\"https:\\\/\\\/tering.hr\\\/wp-content\\\/uploads\\\/2024\\\/06\\\/Slika-naslovna-scaled.jpg\",\"datePublished\":\"2024-06-21T12:24:50+00:00\",\"dateModified\":\"2024-06-21T12:24:51+00:00\",\"breadcrumb\":{\"@id\":\"https:\\\/\\\/tering.hr\\\/nastavak-gradnje-pical-resorta-u-porecu-novi-iskorak-u-razvoju-turizma\\\/#breadcrumb\"},\"inLanguage\":\"en-GB\",\"potentialAction\":[{\"@type\":\"ReadAction\",\"target\":[\"https:\\\/\\\/tering.hr\\\/nastavak-gradnje-pical-resorta-u-porecu-novi-iskorak-u-razvoju-turizma\\\/\"]}]},{\"@type\":\"ImageObject\",\"inLanguage\":\"en-GB\",\"@id\":\"https:\\\/\\\/tering.hr\\\/nastavak-gradnje-pical-resorta-u-porecu-novi-iskorak-u-razvoju-turizma\\\/#primaryimage\",\"url\":\"https:\\\/\\\/tering.hr\\\/wp-content\\\/uploads\\\/2024\\\/06\\\/Slika-naslovna-scaled.jpg\",\"contentUrl\":\"https:\\\/\\\/tering.hr\\\/wp-content\\\/uploads\\\/2024\\\/06\\\/Slika-naslovna-scaled.jpg\",\"width\":2560,\"height\":1920},{\"@type\":\"BreadcrumbList\",\"@id\":\"https:\\\/\\\/tering.hr\\\/nastavak-gradnje-pical-resorta-u-porecu-novi-iskorak-u-razvoju-turizma\\\/#breadcrumb\",\"itemListElement\":[{\"@type\":\"ListItem\",\"position\":1,\"name\":\"Po\u010detna stranica\",\"item\":\"https:\\\/\\\/tering.hr\\\/\"},{\"@type\":\"ListItem\",\"position\":2,\"name\":\"Nastavak gradnje Pical Resorta u Pore\u010du: Novi iskorak u razvoju turizma\"}]},{\"@type\":\"WebSite\",\"@id\":\"https:\\\/\\\/tering.hr\\\/#website\",\"url\":\"https:\\\/\\\/tering.hr\\\/\",\"name\":\"Tering\",\"description\":\"Sustainable Cycle Modeling\",\"publisher\":{\"@id\":\"https:\\\/\\\/tering.hr\\\/#organization\"},\"potentialAction\":[{\"@type\":\"SearchAction\",\"target\":{\"@type\":\"EntryPoint\",\"urlTemplate\":\"https:\\\/\\\/tering.hr\\\/?s={search_term_string}\"},\"query-input\":{\"@type\":\"PropertyValueSpecification\",\"valueRequired\":true,\"valueName\":\"search_term_string\"}}],\"inLanguage\":\"en-GB\"},{\"@type\":\"Organization\",\"@id\":\"https:\\\/\\\/tering.hr\\\/#organization\",\"name\":\"Tering\",\"url\":\"https:\\\/\\\/tering.hr\\\/\",\"logo\":{\"@type\":\"ImageObject\",\"inLanguage\":\"en-GB\",\"@id\":\"https:\\\/\\\/tering.hr\\\/#\\\/schema\\\/logo\\\/image\\\/\",\"url\":\"https:\\\/\\\/tering.hr\\\/wp-content\\\/uploads\\\/2022\\\/06\\\/TERING_logo_web_poz.svg\",\"contentUrl\":\"https:\\\/\\\/tering.hr\\\/wp-content\\\/uploads\\\/2022\\\/06\\\/TERING_logo_web_poz.svg\",\"width\":\"1024\",\"height\":\"1024\",\"caption\":\"Tering\"},\"image\":{\"@id\":\"https:\\\/\\\/tering.hr\\\/#\\\/schema\\\/logo\\\/image\\\/\"}},{\"@type\":\"Person\",\"@id\":\"https:\\\/\\\/tering.hr\\\/#\\\/schema\\\/person\\\/c71048c0d71ea07ef24b4c9887823ffa\",\"name\":\"Tering\",\"image\":{\"@type\":\"ImageObject\",\"inLanguage\":\"en-GB\",\"@id\":\"https:\\\/\\\/secure.gravatar.com\\\/avatar\\\/ad559dbb7c80d8d3f181f00f607c780aaa69ed2a1ff887cfb85e5aa48bbb679f?s=96&d=mm&r=g\",\"url\":\"https:\\\/\\\/secure.gravatar.com\\\/avatar\\\/ad559dbb7c80d8d3f181f00f607c780aaa69ed2a1ff887cfb85e5aa48bbb679f?s=96&d=mm&r=g\",\"contentUrl\":\"https:\\\/\\\/secure.gravatar.com\\\/avatar\\\/ad559dbb7c80d8d3f181f00f607c780aaa69ed2a1ff887cfb85e5aa48bbb679f?s=96&d=mm&r=g\",\"caption\":\"Tering\"}}]}<\/script>\n<!-- \/ Yoast SEO plugin. -->","yoast_head_json":{"title":"Nastavak gradnje Pical Resorta u Pore\u010du: Novi iskorak u razvoju turizma - Tering","robots":{"index":"index","follow":"follow","max-snippet":"max-snippet:-1","max-image-preview":"max-image-preview:large","max-video-preview":"max-video-preview:-1"},"canonical":"https:\/\/tering.hr\/en\/nastavak-gradnje-pical-resorta-u-porecu-novi-iskorak-u-razvoju-turizma\/","og_locale":"en_GB","og_type":"article","og_title":"Nastavak gradnje Pical Resorta u Pore\u010du: Novi iskorak u razvoju turizma - Tering","og_description":"Grad Pore\u010d, jedan od bisera hrvatske obale, svjedo\u010di nastavku radova na ambicioznom projektu Pical Resorta, luksuznog turisti\u010dkog kompleksa koji \u0107e dodatno obogatiti turisti\u010dku ponudu ovog poznatog istarskog grada. Nakon po\u010detka radova 2022. godine, izgradnja kompleksa sada ulazi u novu fazu, koja \u0107e donijeti niz suvremenih sadr\u017eaja i dodatnih kapaciteta. Projekt od velikog zna\u010daja Pical Resort [&hellip;]","og_url":"https:\/\/tering.hr\/en\/nastavak-gradnje-pical-resorta-u-porecu-novi-iskorak-u-razvoju-turizma\/","og_site_name":"Tering","article_published_time":"2024-06-21T12:24:50+00:00","article_modified_time":"2024-06-21T12:24:51+00:00","og_image":[{"width":2560,"height":1920,"url":"https:\/\/tering.hr\/wp-content\/uploads\/2024\/06\/Slika-naslovna-scaled.jpg","type":"image\/jpeg"}],"author":"Tering","twitter_card":"summary_large_image","twitter_misc":{"Written by":"Tering","Estimated reading time":"4 minutes"},"schema":{"@context":"https:\/\/schema.org","@graph":[{"@type":"Article","@id":"https:\/\/tering.hr\/nastavak-gradnje-pical-resorta-u-porecu-novi-iskorak-u-razvoju-turizma\/#article","isPartOf":{"@id":"https:\/\/tering.hr\/nastavak-gradnje-pical-resorta-u-porecu-novi-iskorak-u-razvoju-turizma\/"},"author":{"name":"Tering","@id":"https:\/\/tering.hr\/#\/schema\/person\/c71048c0d71ea07ef24b4c9887823ffa"},"headline":"Nastavak gradnje Pical Resorta u Pore\u010du: Novi iskorak u razvoju turizma","datePublished":"2024-06-21T12:24:50+00:00","dateModified":"2024-06-21T12:24:51+00:00","mainEntityOfPage":{"@id":"https:\/\/tering.hr\/nastavak-gradnje-pical-resorta-u-porecu-novi-iskorak-u-razvoju-turizma\/"},"wordCount":429,"commentCount":0,"publisher":{"@id":"https:\/\/tering.hr\/#organization"},"image":{"@id":"https:\/\/tering.hr\/nastavak-gradnje-pical-resorta-u-porecu-novi-iskorak-u-razvoju-turizma\/#primaryimage"},"thumbnailUrl":"https:\/\/tering.hr\/wp-content\/uploads\/2024\/06\/Slika-naslovna-scaled.jpg","keywords":["Pical"],"articleSection":["Novosti"],"inLanguage":"en-GB","potentialAction":[{"@type":"CommentAction","name":"Comment","target":["https:\/\/tering.hr\/nastavak-gradnje-pical-resorta-u-porecu-novi-iskorak-u-razvoju-turizma\/#respond"]}]},{"@type":"WebPage","@id":"https:\/\/tering.hr\/nastavak-gradnje-pical-resorta-u-porecu-novi-iskorak-u-razvoju-turizma\/","url":"https:\/\/tering.hr\/nastavak-gradnje-pical-resorta-u-porecu-novi-iskorak-u-razvoju-turizma\/","name":"Nastavak gradnje Pical Resorta u Pore\u010du: Novi iskorak u razvoju turizma - Tering","isPartOf":{"@id":"https:\/\/tering.hr\/#website"},"primaryImageOfPage":{"@id":"https:\/\/tering.hr\/nastavak-gradnje-pical-resorta-u-porecu-novi-iskorak-u-razvoju-turizma\/#primaryimage"},"image":{"@id":"https:\/\/tering.hr\/nastavak-gradnje-pical-resorta-u-porecu-novi-iskorak-u-razvoju-turizma\/#primaryimage"},"thumbnailUrl":"https:\/\/tering.hr\/wp-content\/uploads\/2024\/06\/Slika-naslovna-scaled.jpg","datePublished":"2024-06-21T12:24:50+00:00","dateModified":"2024-06-21T12:24:51+00:00","breadcrumb":{"@id":"https:\/\/tering.hr\/nastavak-gradnje-pical-resorta-u-porecu-novi-iskorak-u-razvoju-turizma\/#breadcrumb"},"inLanguage":"en-GB","potentialAction":[{"@type":"ReadAction","target":["https:\/\/tering.hr\/nastavak-gradnje-pical-resorta-u-porecu-novi-iskorak-u-razvoju-turizma\/"]}]},{"@type":"ImageObject","inLanguage":"en-GB","@id":"https:\/\/tering.hr\/nastavak-gradnje-pical-resorta-u-porecu-novi-iskorak-u-razvoju-turizma\/#primaryimage","url":"https:\/\/tering.hr\/wp-content\/uploads\/2024\/06\/Slika-naslovna-scaled.jpg","contentUrl":"https:\/\/tering.hr\/wp-content\/uploads\/2024\/06\/Slika-naslovna-scaled.jpg","width":2560,"height":1920},{"@type":"BreadcrumbList","@id":"https:\/\/tering.hr\/nastavak-gradnje-pical-resorta-u-porecu-novi-iskorak-u-razvoju-turizma\/#breadcrumb","itemListElement":[{"@type":"ListItem","position":1,"name":"Po\u010detna stranica","item":"https:\/\/tering.hr\/"},{"@type":"ListItem","position":2,"name":"Nastavak gradnje Pical Resorta u Pore\u010du: Novi iskorak u razvoju turizma"}]},{"@type":"WebSite","@id":"https:\/\/tering.hr\/#website","url":"https:\/\/tering.hr\/","name":"Tering","description":"Sustainable Cycle Modeling","publisher":{"@id":"https:\/\/tering.hr\/#organization"},"potentialAction":[{"@type":"SearchAction","target":{"@type":"EntryPoint","urlTemplate":"https:\/\/tering.hr\/?s={search_term_string}"},"query-input":{"@type":"PropertyValueSpecification","valueRequired":true,"valueName":"search_term_string"}}],"inLanguage":"en-GB"},{"@type":"Organization","@id":"https:\/\/tering.hr\/#organization","name":"Tering","url":"https:\/\/tering.hr\/","logo":{"@type":"ImageObject","inLanguage":"en-GB","@id":"https:\/\/tering.hr\/#\/schema\/logo\/image\/","url":"https:\/\/tering.hr\/wp-content\/uploads\/2022\/06\/TERING_logo_web_poz.svg","contentUrl":"https:\/\/tering.hr\/wp-content\/uploads\/2022\/06\/TERING_logo_web_poz.svg","width":"1024","height":"1024","caption":"Tering"},"image":{"@id":"https:\/\/tering.hr\/#\/schema\/logo\/image\/"}},{"@type":"Person","@id":"https:\/\/tering.hr\/#\/schema\/person\/c71048c0d71ea07ef24b4c9887823ffa","name":"Tering","image":{"@type":"ImageObject","inLanguage":"en-GB","@id":"https:\/\/secure.gravatar.com\/avatar\/ad559dbb7c80d8d3f181f00f607c780aaa69ed2a1ff887cfb85e5aa48bbb679f?s=96&d=mm&r=g","url":"https:\/\/secure.gravatar.com\/avatar\/ad559dbb7c80d8d3f181f00f607c780aaa69ed2a1ff887cfb85e5aa48bbb679f?s=96&d=mm&r=g","contentUrl":"https:\/\/secure.gravatar.com\/avatar\/ad559dbb7c80d8d3f181f00f607c780aaa69ed2a1ff887cfb85e5aa48bbb679f?s=96&d=mm&r=g","caption":"Tering"}}]}},"_links":{"self":[{"href":"https:\/\/tering.hr\/en\/wp-json\/wp\/v2\/posts\/1128","targetHints":{"allow":["GET"]}}],"collection":[{"href":"https:\/\/tering.hr\/en\/wp-json\/wp\/v2\/posts"}],"about":[{"href":"https:\/\/tering.hr\/en\/wp-json\/wp\/v2\/types\/post"}],"author":[{"embeddable":true,"href":"https:\/\/tering.hr\/en\/wp-json\/wp\/v2\/users\/3"}],"replies":[{"embeddable":true,"href":"https:\/\/tering.hr\/en\/wp-json\/wp\/v2\/comments?post=1128"}],"version-history":[{"count":1,"href":"https:\/\/tering.hr\/en\/wp-json\/wp\/v2\/posts\/1128\/revisions"}],"predecessor-version":[{"id":1135,"href":"https:\/\/tering.hr\/en\/wp-json\/wp\/v2\/posts\/1128\/revisions\/1135"}],"wp:featuredmedia":[{"embeddable":true,"href":"https:\/\/tering.hr\/en\/wp-json\/wp\/v2\/media\/1134"}],"wp:attachment":[{"href":"https:\/\/tering.hr\/en\/wp-json\/wp\/v2\/media?parent=1128"}],"wp:term":[{"taxonomy":"category","embeddable":true,"href":"https:\/\/tering.hr\/en\/wp-json\/wp\/v2\/categories?post=1128"},{"taxonomy":"post_tag","embeddable":true,"href":"https:\/\/tering.hr\/en\/wp-json\/wp\/v2\/tags?post=1128"}],"curies":[{"name":"wp","href":"https:\/\/api.w.org\/{rel}","templated":true}]}}