{"id":1146,"date":"2024-10-22T12:50:18","date_gmt":"2024-10-22T12:50:18","guid":{"rendered":"https:\/\/tering.hr\/?p=1146"},"modified":"2024-10-22T12:50:19","modified_gmt":"2024-10-22T12:50:19","slug":"nas-direktor-branimir-segotic-sudjelovao-je-na-konferenciji-iza-fasade-arhitektura-i-stanovanje","status":"publish","type":"post","link":"https:\/\/tering.hr\/en\/nas-direktor-branimir-segotic-sudjelovao-je-na-konferenciji-iza-fasade-arhitektura-i-stanovanje\/","title":{"rendered":"Na\u0161 direktor Branimir \u0160egoti\u0107 sudjelovao je na konferenciji \"Iza fasade, arhitektura i stanovanje\""},"content":{"rendered":"<p><\/p>\n\n\n\n<p>Na\u0161 direktor, Branimir \u0160egoti\u0107, 21. listopada 2024. godine sudjelovao je na konferenciji \"Iza fasade, arhitektura i stanovanje\", koju je organizirala Hrvatska gospodarska komora. Ova va\u017ena konferencija okupila je stru\u010dnjake iz podru\u010dja arhitekture, strojarstva, urbanizma i stanogradnje kako bi raspravljali o kvaliteti i ugovaranju projektantskih usluga, standardizaciji usluga te utjecaju kvalitete projektiranja na investiciju.<\/p>\n\n\n\n<p>Branimir \u0160egoti\u0107 je, kao jedan od sudionika, doprinio raspravi o standardizaciji usluga.<\/p>\n\n\n\n<figure class=\"wp-block-image size-large\"><img loading=\"lazy\" decoding=\"async\" width=\"1024\" height=\"683\" src=\"https:\/\/tering.hr\/wp-content\/uploads\/2024\/10\/2-panel-Suhadolc-Dabrovic-Segotic2-1024x683.jpg\" alt=\"\" class=\"wp-image-1148\" srcset=\"https:\/\/tering.hr\/wp-content\/uploads\/2024\/10\/2-panel-Suhadolc-Dabrovic-Segotic2-1024x683.jpg 1024w, https:\/\/tering.hr\/wp-content\/uploads\/2024\/10\/2-panel-Suhadolc-Dabrovic-Segotic2-300x200.jpg 300w, https:\/\/tering.hr\/wp-content\/uploads\/2024\/10\/2-panel-Suhadolc-Dabrovic-Segotic2-768x512.jpg 768w, https:\/\/tering.hr\/wp-content\/uploads\/2024\/10\/2-panel-Suhadolc-Dabrovic-Segotic2-1536x1024.jpg 1536w, https:\/\/tering.hr\/wp-content\/uploads\/2024\/10\/2-panel-Suhadolc-Dabrovic-Segotic2-2048x1366.jpg 2048w, https:\/\/tering.hr\/wp-content\/uploads\/2024\/10\/2-panel-Suhadolc-Dabrovic-Segotic2-18x12.jpg 18w, https:\/\/tering.hr\/wp-content\/uploads\/2024\/10\/2-panel-Suhadolc-Dabrovic-Segotic2.jpg 2500w\" sizes=\"auto, (max-width: 1024px) 100vw, 1024px\" \/><\/figure>\n\n\n\n<p>Tering d.o.o. nastavlja pratiti trendove u industriji i aktivno sudjelovati u va\u017enim raspravama koje oblikuju budu\u0107nost projektiranja u Hrvatskoj.<\/p>\n\n\n\n<p><\/p>","protected":false},"excerpt":{"rendered":"<p>Na\u0161 direktor, Branimir \u0160egoti\u0107, 21. listopada 2024. godine sudjelovao je na konferenciji \"Iza fasade, arhitektura i stanovanje\", koju je organizirala Hrvatska gospodarska komora. Ova va\u017ena konferencija okupila je stru\u010dnjake iz podru\u010dja arhitekture, strojarstva, urbanizma i stanogradnje kako bi raspravljali o kvaliteti i ugovaranju projektantskih usluga, standardizaciji usluga te utjecaju kvalitete projektiranja na investiciju. Branimir \u0160egoti\u0107 [&hellip;]<\/p>\n","protected":false},"author":3,"featured_media":1147,"comment_status":"open","ping_status":"open","sticky":false,"template":"","format":"standard","meta":{"_acf_changed":false,"inline_featured_image":false,"footnotes":""},"categories":[52],"tags":[76,75,74,73],"class_list":["post-1146","post","type-post","status-publish","format-standard","has-post-thumbnail","hentry","category-novosti-tering","tag-hgk","tag-hrvatska-gospodarska-komora","tag-iza-fasade-arhitektura-i-stanovanje","tag-konferencija"],"acf":[],"yoast_head":"<!-- This site is optimized with the Yoast SEO plugin v27.4 - https:\/\/yoast.com\/product\/yoast-seo-wordpress\/ -->\n<title>Na\u0161 direktor Branimir \u0160egoti\u0107 sudjelovao je na konferenciji &quot;Iza fasade, arhitektura i stanovanje&quot; - Tering<\/title>\n<meta name=\"robots\" content=\"index, follow, max-snippet:-1, max-image-preview:large, max-video-preview:-1\" \/>\n<link rel=\"canonical\" href=\"https:\/\/tering.hr\/en\/nas-direktor-branimir-segotic-sudjelovao-je-na-konferenciji-iza-fasade-arhitektura-i-stanovanje\/\" \/>\n<meta property=\"og:locale\" content=\"en_GB\" \/>\n<meta property=\"og:type\" content=\"article\" \/>\n<meta property=\"og:title\" content=\"Na\u0161 direktor Branimir \u0160egoti\u0107 sudjelovao je na konferenciji &quot;Iza fasade, arhitektura i stanovanje&quot; - Tering\" \/>\n<meta property=\"og:description\" content=\"Na\u0161 direktor, Branimir \u0160egoti\u0107, 21. listopada 2024. godine sudjelovao je na konferenciji &quot;Iza fasade, arhitektura i stanovanje&quot;, koju je organizirala Hrvatska gospodarska komora. Ova va\u017ena konferencija okupila je stru\u010dnjake iz podru\u010dja arhitekture, strojarstva, urbanizma i stanogradnje kako bi raspravljali o kvaliteti i ugovaranju projektantskih usluga, standardizaciji usluga te utjecaju kvalitete projektiranja na investiciju. Branimir \u0160egoti\u0107 [&hellip;]\" \/>\n<meta property=\"og:url\" content=\"https:\/\/tering.hr\/en\/nas-direktor-branimir-segotic-sudjelovao-je-na-konferenciji-iza-fasade-arhitektura-i-stanovanje\/\" \/>\n<meta property=\"og:site_name\" content=\"Tering\" \/>\n<meta property=\"article:published_time\" content=\"2024-10-22T12:50:18+00:00\" \/>\n<meta property=\"article:modified_time\" content=\"2024-10-22T12:50:19+00:00\" \/>\n<meta property=\"og:image\" content=\"https:\/\/tering.hr\/wp-content\/uploads\/2024\/10\/2-panel-Branimir-Segotic-1024x683.jpg\" \/>\n\t<meta property=\"og:image:width\" content=\"1024\" \/>\n\t<meta property=\"og:image:height\" content=\"683\" \/>\n\t<meta property=\"og:image:type\" content=\"image\/jpeg\" \/>\n<meta name=\"author\" content=\"Tering\" \/>\n<meta name=\"twitter:card\" content=\"summary_large_image\" \/>\n<meta name=\"twitter:label1\" content=\"Written by\" \/>\n\t<meta name=\"twitter:data1\" content=\"Tering\" \/>\n\t<meta name=\"twitter:label2\" content=\"Estimated reading time\" \/>\n\t<meta name=\"twitter:data2\" content=\"1 minute\" \/>\n<script type=\"application\/ld+json\" class=\"yoast-schema-graph\">{\"@context\":\"https:\\\/\\\/schema.org\",\"@graph\":[{\"@type\":\"Article\",\"@id\":\"https:\\\/\\\/tering.hr\\\/nas-direktor-branimir-segotic-sudjelovao-je-na-konferenciji-iza-fasade-arhitektura-i-stanovanje\\\/#article\",\"isPartOf\":{\"@id\":\"https:\\\/\\\/tering.hr\\\/nas-direktor-branimir-segotic-sudjelovao-je-na-konferenciji-iza-fasade-arhitektura-i-stanovanje\\\/\"},\"author\":{\"name\":\"Tering\",\"@id\":\"https:\\\/\\\/tering.hr\\\/#\\\/schema\\\/person\\\/c71048c0d71ea07ef24b4c9887823ffa\"},\"headline\":\"Na\u0161 direktor Branimir \u0160egoti\u0107 sudjelovao je na konferenciji \\\"Iza fasade, arhitektura i stanovanje\\\"\",\"datePublished\":\"2024-10-22T12:50:18+00:00\",\"dateModified\":\"2024-10-22T12:50:19+00:00\",\"mainEntityOfPage\":{\"@id\":\"https:\\\/\\\/tering.hr\\\/nas-direktor-branimir-segotic-sudjelovao-je-na-konferenciji-iza-fasade-arhitektura-i-stanovanje\\\/\"},\"wordCount\":102,\"commentCount\":0,\"publisher\":{\"@id\":\"https:\\\/\\\/tering.hr\\\/#organization\"},\"image\":{\"@id\":\"https:\\\/\\\/tering.hr\\\/nas-direktor-branimir-segotic-sudjelovao-je-na-konferenciji-iza-fasade-arhitektura-i-stanovanje\\\/#primaryimage\"},\"thumbnailUrl\":\"https:\\\/\\\/tering.hr\\\/wp-content\\\/uploads\\\/2024\\\/10\\\/2-panel-Branimir-Segotic.jpg\",\"keywords\":[\"HGK\",\"Hrvatska gospodarska komora\",\"iza fasade arhitektura i stanovanje\",\"konferencija\"],\"articleSection\":[\"Novosti\"],\"inLanguage\":\"en-GB\",\"potentialAction\":[{\"@type\":\"CommentAction\",\"name\":\"Comment\",\"target\":[\"https:\\\/\\\/tering.hr\\\/nas-direktor-branimir-segotic-sudjelovao-je-na-konferenciji-iza-fasade-arhitektura-i-stanovanje\\\/#respond\"]}]},{\"@type\":\"WebPage\",\"@id\":\"https:\\\/\\\/tering.hr\\\/nas-direktor-branimir-segotic-sudjelovao-je-na-konferenciji-iza-fasade-arhitektura-i-stanovanje\\\/\",\"url\":\"https:\\\/\\\/tering.hr\\\/nas-direktor-branimir-segotic-sudjelovao-je-na-konferenciji-iza-fasade-arhitektura-i-stanovanje\\\/\",\"name\":\"Na\u0161 direktor Branimir \u0160egoti\u0107 sudjelovao je na konferenciji \\\"Iza fasade, arhitektura i stanovanje\\\" - Tering\",\"isPartOf\":{\"@id\":\"https:\\\/\\\/tering.hr\\\/#website\"},\"primaryImageOfPage\":{\"@id\":\"https:\\\/\\\/tering.hr\\\/nas-direktor-branimir-segotic-sudjelovao-je-na-konferenciji-iza-fasade-arhitektura-i-stanovanje\\\/#primaryimage\"},\"image\":{\"@id\":\"https:\\\/\\\/tering.hr\\\/nas-direktor-branimir-segotic-sudjelovao-je-na-konferenciji-iza-fasade-arhitektura-i-stanovanje\\\/#primaryimage\"},\"thumbnailUrl\":\"https:\\\/\\\/tering.hr\\\/wp-content\\\/uploads\\\/2024\\\/10\\\/2-panel-Branimir-Segotic.jpg\",\"datePublished\":\"2024-10-22T12:50:18+00:00\",\"dateModified\":\"2024-10-22T12:50:19+00:00\",\"breadcrumb\":{\"@id\":\"https:\\\/\\\/tering.hr\\\/nas-direktor-branimir-segotic-sudjelovao-je-na-konferenciji-iza-fasade-arhitektura-i-stanovanje\\\/#breadcrumb\"},\"inLanguage\":\"en-GB\",\"potentialAction\":[{\"@type\":\"ReadAction\",\"target\":[\"https:\\\/\\\/tering.hr\\\/nas-direktor-branimir-segotic-sudjelovao-je-na-konferenciji-iza-fasade-arhitektura-i-stanovanje\\\/\"]}]},{\"@type\":\"ImageObject\",\"inLanguage\":\"en-GB\",\"@id\":\"https:\\\/\\\/tering.hr\\\/nas-direktor-branimir-segotic-sudjelovao-je-na-konferenciji-iza-fasade-arhitektura-i-stanovanje\\\/#primaryimage\",\"url\":\"https:\\\/\\\/tering.hr\\\/wp-content\\\/uploads\\\/2024\\\/10\\\/2-panel-Branimir-Segotic.jpg\",\"contentUrl\":\"https:\\\/\\\/tering.hr\\\/wp-content\\\/uploads\\\/2024\\\/10\\\/2-panel-Branimir-Segotic.jpg\",\"width\":2500,\"height\":1667},{\"@type\":\"BreadcrumbList\",\"@id\":\"https:\\\/\\\/tering.hr\\\/nas-direktor-branimir-segotic-sudjelovao-je-na-konferenciji-iza-fasade-arhitektura-i-stanovanje\\\/#breadcrumb\",\"itemListElement\":[{\"@type\":\"ListItem\",\"position\":1,\"name\":\"Po\u010detna stranica\",\"item\":\"https:\\\/\\\/tering.hr\\\/\"},{\"@type\":\"ListItem\",\"position\":2,\"name\":\"Na\u0161 direktor Branimir \u0160egoti\u0107 sudjelovao je na konferenciji \\\"Iza fasade, arhitektura i stanovanje\\\"\"}]},{\"@type\":\"WebSite\",\"@id\":\"https:\\\/\\\/tering.hr\\\/#website\",\"url\":\"https:\\\/\\\/tering.hr\\\/\",\"name\":\"Tering\",\"description\":\"Sustainable Cycle Modeling\",\"publisher\":{\"@id\":\"https:\\\/\\\/tering.hr\\\/#organization\"},\"potentialAction\":[{\"@type\":\"SearchAction\",\"target\":{\"@type\":\"EntryPoint\",\"urlTemplate\":\"https:\\\/\\\/tering.hr\\\/?s={search_term_string}\"},\"query-input\":{\"@type\":\"PropertyValueSpecification\",\"valueRequired\":true,\"valueName\":\"search_term_string\"}}],\"inLanguage\":\"en-GB\"},{\"@type\":\"Organization\",\"@id\":\"https:\\\/\\\/tering.hr\\\/#organization\",\"name\":\"Tering\",\"url\":\"https:\\\/\\\/tering.hr\\\/\",\"logo\":{\"@type\":\"ImageObject\",\"inLanguage\":\"en-GB\",\"@id\":\"https:\\\/\\\/tering.hr\\\/#\\\/schema\\\/logo\\\/image\\\/\",\"url\":\"https:\\\/\\\/tering.hr\\\/wp-content\\\/uploads\\\/2022\\\/06\\\/TERING_logo_web_poz.svg\",\"contentUrl\":\"https:\\\/\\\/tering.hr\\\/wp-content\\\/uploads\\\/2022\\\/06\\\/TERING_logo_web_poz.svg\",\"width\":\"1024\",\"height\":\"1024\",\"caption\":\"Tering\"},\"image\":{\"@id\":\"https:\\\/\\\/tering.hr\\\/#\\\/schema\\\/logo\\\/image\\\/\"}},{\"@type\":\"Person\",\"@id\":\"https:\\\/\\\/tering.hr\\\/#\\\/schema\\\/person\\\/c71048c0d71ea07ef24b4c9887823ffa\",\"name\":\"Tering\",\"image\":{\"@type\":\"ImageObject\",\"inLanguage\":\"en-GB\",\"@id\":\"https:\\\/\\\/secure.gravatar.com\\\/avatar\\\/ad559dbb7c80d8d3f181f00f607c780aaa69ed2a1ff887cfb85e5aa48bbb679f?s=96&d=mm&r=g\",\"url\":\"https:\\\/\\\/secure.gravatar.com\\\/avatar\\\/ad559dbb7c80d8d3f181f00f607c780aaa69ed2a1ff887cfb85e5aa48bbb679f?s=96&d=mm&r=g\",\"contentUrl\":\"https:\\\/\\\/secure.gravatar.com\\\/avatar\\\/ad559dbb7c80d8d3f181f00f607c780aaa69ed2a1ff887cfb85e5aa48bbb679f?s=96&d=mm&r=g\",\"caption\":\"Tering\"}}]}<\/script>\n<!-- \/ Yoast SEO plugin. -->","yoast_head_json":{"title":"Na\u0161 direktor Branimir \u0160egoti\u0107 sudjelovao je na konferenciji \"Iza fasade, arhitektura i stanovanje\" - Tering","robots":{"index":"index","follow":"follow","max-snippet":"max-snippet:-1","max-image-preview":"max-image-preview:large","max-video-preview":"max-video-preview:-1"},"canonical":"https:\/\/tering.hr\/en\/nas-direktor-branimir-segotic-sudjelovao-je-na-konferenciji-iza-fasade-arhitektura-i-stanovanje\/","og_locale":"en_GB","og_type":"article","og_title":"Na\u0161 direktor Branimir \u0160egoti\u0107 sudjelovao je na konferenciji \"Iza fasade, arhitektura i stanovanje\" - Tering","og_description":"Na\u0161 direktor, Branimir \u0160egoti\u0107, 21. listopada 2024. godine sudjelovao je na konferenciji \"Iza fasade, arhitektura i stanovanje\", koju je organizirala Hrvatska gospodarska komora. Ova va\u017ena konferencija okupila je stru\u010dnjake iz podru\u010dja arhitekture, strojarstva, urbanizma i stanogradnje kako bi raspravljali o kvaliteti i ugovaranju projektantskih usluga, standardizaciji usluga te utjecaju kvalitete projektiranja na investiciju. Branimir \u0160egoti\u0107 [&hellip;]","og_url":"https:\/\/tering.hr\/en\/nas-direktor-branimir-segotic-sudjelovao-je-na-konferenciji-iza-fasade-arhitektura-i-stanovanje\/","og_site_name":"Tering","article_published_time":"2024-10-22T12:50:18+00:00","article_modified_time":"2024-10-22T12:50:19+00:00","og_image":[{"width":1024,"height":683,"url":"https:\/\/tering.hr\/wp-content\/uploads\/2024\/10\/2-panel-Branimir-Segotic-1024x683.jpg","type":"image\/jpeg"}],"author":"Tering","twitter_card":"summary_large_image","twitter_misc":{"Written by":"Tering","Estimated reading time":"1 minute"},"schema":{"@context":"https:\/\/schema.org","@graph":[{"@type":"Article","@id":"https:\/\/tering.hr\/nas-direktor-branimir-segotic-sudjelovao-je-na-konferenciji-iza-fasade-arhitektura-i-stanovanje\/#article","isPartOf":{"@id":"https:\/\/tering.hr\/nas-direktor-branimir-segotic-sudjelovao-je-na-konferenciji-iza-fasade-arhitektura-i-stanovanje\/"},"author":{"name":"Tering","@id":"https:\/\/tering.hr\/#\/schema\/person\/c71048c0d71ea07ef24b4c9887823ffa"},"headline":"Na\u0161 direktor Branimir \u0160egoti\u0107 sudjelovao je na konferenciji \"Iza fasade, arhitektura i stanovanje\"","datePublished":"2024-10-22T12:50:18+00:00","dateModified":"2024-10-22T12:50:19+00:00","mainEntityOfPage":{"@id":"https:\/\/tering.hr\/nas-direktor-branimir-segotic-sudjelovao-je-na-konferenciji-iza-fasade-arhitektura-i-stanovanje\/"},"wordCount":102,"commentCount":0,"publisher":{"@id":"https:\/\/tering.hr\/#organization"},"image":{"@id":"https:\/\/tering.hr\/nas-direktor-branimir-segotic-sudjelovao-je-na-konferenciji-iza-fasade-arhitektura-i-stanovanje\/#primaryimage"},"thumbnailUrl":"https:\/\/tering.hr\/wp-content\/uploads\/2024\/10\/2-panel-Branimir-Segotic.jpg","keywords":["HGK","Hrvatska gospodarska komora","iza fasade arhitektura i stanovanje","konferencija"],"articleSection":["Novosti"],"inLanguage":"en-GB","potentialAction":[{"@type":"CommentAction","name":"Comment","target":["https:\/\/tering.hr\/nas-direktor-branimir-segotic-sudjelovao-je-na-konferenciji-iza-fasade-arhitektura-i-stanovanje\/#respond"]}]},{"@type":"WebPage","@id":"https:\/\/tering.hr\/nas-direktor-branimir-segotic-sudjelovao-je-na-konferenciji-iza-fasade-arhitektura-i-stanovanje\/","url":"https:\/\/tering.hr\/nas-direktor-branimir-segotic-sudjelovao-je-na-konferenciji-iza-fasade-arhitektura-i-stanovanje\/","name":"Na\u0161 direktor Branimir \u0160egoti\u0107 sudjelovao je na konferenciji \"Iza fasade, arhitektura i stanovanje\" - Tering","isPartOf":{"@id":"https:\/\/tering.hr\/#website"},"primaryImageOfPage":{"@id":"https:\/\/tering.hr\/nas-direktor-branimir-segotic-sudjelovao-je-na-konferenciji-iza-fasade-arhitektura-i-stanovanje\/#primaryimage"},"image":{"@id":"https:\/\/tering.hr\/nas-direktor-branimir-segotic-sudjelovao-je-na-konferenciji-iza-fasade-arhitektura-i-stanovanje\/#primaryimage"},"thumbnailUrl":"https:\/\/tering.hr\/wp-content\/uploads\/2024\/10\/2-panel-Branimir-Segotic.jpg","datePublished":"2024-10-22T12:50:18+00:00","dateModified":"2024-10-22T12:50:19+00:00","breadcrumb":{"@id":"https:\/\/tering.hr\/nas-direktor-branimir-segotic-sudjelovao-je-na-konferenciji-iza-fasade-arhitektura-i-stanovanje\/#breadcrumb"},"inLanguage":"en-GB","potentialAction":[{"@type":"ReadAction","target":["https:\/\/tering.hr\/nas-direktor-branimir-segotic-sudjelovao-je-na-konferenciji-iza-fasade-arhitektura-i-stanovanje\/"]}]},{"@type":"ImageObject","inLanguage":"en-GB","@id":"https:\/\/tering.hr\/nas-direktor-branimir-segotic-sudjelovao-je-na-konferenciji-iza-fasade-arhitektura-i-stanovanje\/#primaryimage","url":"https:\/\/tering.hr\/wp-content\/uploads\/2024\/10\/2-panel-Branimir-Segotic.jpg","contentUrl":"https:\/\/tering.hr\/wp-content\/uploads\/2024\/10\/2-panel-Branimir-Segotic.jpg","width":2500,"height":1667},{"@type":"BreadcrumbList","@id":"https:\/\/tering.hr\/nas-direktor-branimir-segotic-sudjelovao-je-na-konferenciji-iza-fasade-arhitektura-i-stanovanje\/#breadcrumb","itemListElement":[{"@type":"ListItem","position":1,"name":"Po\u010detna stranica","item":"https:\/\/tering.hr\/"},{"@type":"ListItem","position":2,"name":"Na\u0161 direktor Branimir \u0160egoti\u0107 sudjelovao je na konferenciji \"Iza fasade, arhitektura i stanovanje\""}]},{"@type":"WebSite","@id":"https:\/\/tering.hr\/#website","url":"https:\/\/tering.hr\/","name":"Tering","description":"Sustainable Cycle Modeling","publisher":{"@id":"https:\/\/tering.hr\/#organization"},"potentialAction":[{"@type":"SearchAction","target":{"@type":"EntryPoint","urlTemplate":"https:\/\/tering.hr\/?s={search_term_string}"},"query-input":{"@type":"PropertyValueSpecification","valueRequired":true,"valueName":"search_term_string"}}],"inLanguage":"en-GB"},{"@type":"Organization","@id":"https:\/\/tering.hr\/#organization","name":"Tering","url":"https:\/\/tering.hr\/","logo":{"@type":"ImageObject","inLanguage":"en-GB","@id":"https:\/\/tering.hr\/#\/schema\/logo\/image\/","url":"https:\/\/tering.hr\/wp-content\/uploads\/2022\/06\/TERING_logo_web_poz.svg","contentUrl":"https:\/\/tering.hr\/wp-content\/uploads\/2022\/06\/TERING_logo_web_poz.svg","width":"1024","height":"1024","caption":"Tering"},"image":{"@id":"https:\/\/tering.hr\/#\/schema\/logo\/image\/"}},{"@type":"Person","@id":"https:\/\/tering.hr\/#\/schema\/person\/c71048c0d71ea07ef24b4c9887823ffa","name":"Tering","image":{"@type":"ImageObject","inLanguage":"en-GB","@id":"https:\/\/secure.gravatar.com\/avatar\/ad559dbb7c80d8d3f181f00f607c780aaa69ed2a1ff887cfb85e5aa48bbb679f?s=96&d=mm&r=g","url":"https:\/\/secure.gravatar.com\/avatar\/ad559dbb7c80d8d3f181f00f607c780aaa69ed2a1ff887cfb85e5aa48bbb679f?s=96&d=mm&r=g","contentUrl":"https:\/\/secure.gravatar.com\/avatar\/ad559dbb7c80d8d3f181f00f607c780aaa69ed2a1ff887cfb85e5aa48bbb679f?s=96&d=mm&r=g","caption":"Tering"}}]}},"_links":{"self":[{"href":"https:\/\/tering.hr\/en\/wp-json\/wp\/v2\/posts\/1146","targetHints":{"allow":["GET"]}}],"collection":[{"href":"https:\/\/tering.hr\/en\/wp-json\/wp\/v2\/posts"}],"about":[{"href":"https:\/\/tering.hr\/en\/wp-json\/wp\/v2\/types\/post"}],"author":[{"embeddable":true,"href":"https:\/\/tering.hr\/en\/wp-json\/wp\/v2\/users\/3"}],"replies":[{"embeddable":true,"href":"https:\/\/tering.hr\/en\/wp-json\/wp\/v2\/comments?post=1146"}],"version-history":[{"count":2,"href":"https:\/\/tering.hr\/en\/wp-json\/wp\/v2\/posts\/1146\/revisions"}],"predecessor-version":[{"id":1150,"href":"https:\/\/tering.hr\/en\/wp-json\/wp\/v2\/posts\/1146\/revisions\/1150"}],"wp:featuredmedia":[{"embeddable":true,"href":"https:\/\/tering.hr\/en\/wp-json\/wp\/v2\/media\/1147"}],"wp:attachment":[{"href":"https:\/\/tering.hr\/en\/wp-json\/wp\/v2\/media?parent=1146"}],"wp:term":[{"taxonomy":"category","embeddable":true,"href":"https:\/\/tering.hr\/en\/wp-json\/wp\/v2\/categories?post=1146"},{"taxonomy":"post_tag","embeddable":true,"href":"https:\/\/tering.hr\/en\/wp-json\/wp\/v2\/tags?post=1146"}],"curies":[{"name":"wp","href":"https:\/\/api.w.org\/{rel}","templated":true}]}}